{"id":1075,"date":"2024-03-19T10:26:03","date_gmt":"2024-03-19T08:26:03","guid":{"rendered":"https:\/\/dpbh11.de\/wp\/?p=1075"},"modified":"2024-03-19T10:27:01","modified_gmt":"2024-03-19T08:27:01","slug":"bundesthing-2024","status":"publish","type":"post","link":"https:\/\/dpbh11.de\/wp\/?p=1075","title":{"rendered":"Bundesthing 2024"},"content":{"rendered":"\n<p>&#8222;Am siebten Tag sollst Du ruhen&#8220; galt letzten Sonntag nicht f\u00fcr die Delegierten und vielen weiteren Mitgliedern des DPB\/H gegr. 1911&nbsp;<\/p>\n\n\n\n<p>Nach zwei Jahren trafen wir uns alle an der Hohen Eiche in Degerloch, um gemeinsam unser Bundesthing abzuhalten.&nbsp;&nbsp;<\/p>\n\n\n\n<p>Alle zwei Jahre wird die \u201calte\u201d Bundesleitung von den Mitgliedern entlastet und eine neue Bundesleitung wird gew\u00e4hlt.&nbsp;<\/p>\n\n\n\n<p>Wie bereits an der Gr\u00fcndungsfeier angek\u00fcndigt, trat Roman Reinhardt nicht mehr f\u00fcr das Amt des Bundesfeldmeisters an. An seiner Stelle wurde Katharina Lang, die zuvor Stammf\u00fchrerin bei den LechScouts in Schongau war, in das Amt des Bundesfeldmeisters gew\u00e4hlt.&nbsp;<\/p>\n\n\n\n<p class=\"has-text-align-center\"><em>Nach 10 Jahren als Bundesfeldmeister und davor viele Jahre als Horstfeldmeister und Stammf\u00fchrer ist es f\u00fcr mich an der Zeit, etwas k\u00fcrzer zu treten. Dieser Schritt ist mir nicht leicht gefallen aber es ist Zeit f\u00fcr eine Ver\u00e4nderung.<\/em><\/p>\n\n\n\n<p class=\"has-text-align-center\"><em>Roman Reinhardt.&nbsp;<\/em><\/p>\n\n\n\n<p>Auch Lorena Stephan und Andreas Neidhardt standen f\u00fcr den Vorstand nicht weiter zur Verf\u00fcgung. Hier wurden Niels Gross und Markus Oliveira in das Amt des stv. Bundesfeldmeisters gew\u00e4hlt.&nbsp;<\/p>\n\n\n\n<p>Der Bundesvorstand 2024-2026 setzt sich wie folgt zusammen.&nbsp;<\/p>\n\n\n\n<ul class=\"wp-block-list\">\n<li>Bundesfeldmeister: Katharina Lang<\/li>\n\n\n\n<li>1. stv. Bfm. Ehrengericht: Gernot Lenkner<\/li>\n\n\n\n<li>stv. Bfm. Gesch\u00e4ftsf\u00fchrung: Niels Gro\u00df<\/li>\n\n\n\n<li>stv. Bfm. Finanzen: Markus Oliveira<\/li>\n\n\n\n<li>stv. Bfm. PR &amp; Chronik: Eric Doron<\/li>\n<\/ul>\n\n\n\n<p>Wir bedanken uns bei Roman, Andreas und Lorena f\u00fcr ihr \u00fcberragendes Engagement beim DPB\/H gegr. 1911. Ihr habt in unserem Verein viel entschieden, bewegt und gestaltet. Daf\u00fcr geb\u00fchrt es Respekt und Anerkennung.&nbsp;<\/p>\n\n\n\n<p>Wir bedanken uns auch recht herzlich an die Delegierten und die vielen Mitglieder in unserem Bund, die am Sonntag mit uns an der Hohen Eiche waren.&nbsp;<\/p>\n\n\n\n<figure class=\"wp-block-image size-large\"><a href=\"https:\/\/dpbh11.de\/wp\/wp-content\/uploads\/2024\/03\/Design-ohne-Titel.png\"><img loading=\"lazy\" decoding=\"async\" width=\"1024\" height=\"1024\" src=\"https:\/\/dpbh11.de\/wp\/wp-content\/uploads\/2024\/03\/Design-ohne-Titel-1024x1024.png\" alt=\"\" class=\"wp-image-1076\" srcset=\"https:\/\/dpbh11.de\/wp\/wp-content\/uploads\/2024\/03\/Design-ohne-Titel-1024x1024.png 1024w, https:\/\/dpbh11.de\/wp\/wp-content\/uploads\/2024\/03\/Design-ohne-Titel-300x300.png 300w, https:\/\/dpbh11.de\/wp\/wp-content\/uploads\/2024\/03\/Design-ohne-Titel-150x150.png 150w, https:\/\/dpbh11.de\/wp\/wp-content\/uploads\/2024\/03\/Design-ohne-Titel-768x768.png 768w, https:\/\/dpbh11.de\/wp\/wp-content\/uploads\/2024\/03\/Design-ohne-Titel.png 1080w\" sizes=\"auto, (max-width: 1024px) 100vw, 1024px\" \/><\/a><figcaption class=\"wp-element-caption\">Die Delegierten am Bundesthing 2024<\/figcaption><\/figure>\n\n\n\n<figure class=\"wp-block-image size-large\"><a href=\"https:\/\/dpbh11.de\/wp\/wp-content\/uploads\/2024\/03\/IMG-20240317-WA0021.jpg\"><img loading=\"lazy\" decoding=\"async\" width=\"1024\" height=\"768\" src=\"https:\/\/dpbh11.de\/wp\/wp-content\/uploads\/2024\/03\/IMG-20240317-WA0021-1024x768.jpg\" alt=\"\" class=\"wp-image-1077\" srcset=\"https:\/\/dpbh11.de\/wp\/wp-content\/uploads\/2024\/03\/IMG-20240317-WA0021-1024x768.jpg 1024w, https:\/\/dpbh11.de\/wp\/wp-content\/uploads\/2024\/03\/IMG-20240317-WA0021-300x225.jpg 300w, https:\/\/dpbh11.de\/wp\/wp-content\/uploads\/2024\/03\/IMG-20240317-WA0021-768x576.jpg 768w, https:\/\/dpbh11.de\/wp\/wp-content\/uploads\/2024\/03\/IMG-20240317-WA0021-1536x1152.jpg 1536w, https:\/\/dpbh11.de\/wp\/wp-content\/uploads\/2024\/03\/IMG-20240317-WA0021.jpg 2000w\" sizes=\"auto, (max-width: 1024px) 100vw, 1024px\" \/><\/a><figcaption class=\"wp-element-caption\">Die &#8222;alte&#8220; und neue Bundesleitung <\/figcaption><\/figure>\n\n\n\n<figure class=\"wp-block-image size-large\"><a href=\"https:\/\/dpbh11.de\/wp\/wp-content\/uploads\/2024\/03\/IMG-20240317-WA0024.jpg\"><img loading=\"lazy\" decoding=\"async\" width=\"1024\" height=\"768\" src=\"https:\/\/dpbh11.de\/wp\/wp-content\/uploads\/2024\/03\/IMG-20240317-WA0024-1024x768.jpg\" alt=\"\" class=\"wp-image-1078\" srcset=\"https:\/\/dpbh11.de\/wp\/wp-content\/uploads\/2024\/03\/IMG-20240317-WA0024-1024x768.jpg 1024w, https:\/\/dpbh11.de\/wp\/wp-content\/uploads\/2024\/03\/IMG-20240317-WA0024-300x225.jpg 300w, https:\/\/dpbh11.de\/wp\/wp-content\/uploads\/2024\/03\/IMG-20240317-WA0024-768x576.jpg 768w, https:\/\/dpbh11.de\/wp\/wp-content\/uploads\/2024\/03\/IMG-20240317-WA0024-1536x1152.jpg 1536w, https:\/\/dpbh11.de\/wp\/wp-content\/uploads\/2024\/03\/IMG-20240317-WA0024.jpg 2000w\" sizes=\"auto, (max-width: 1024px) 100vw, 1024px\" \/><\/a><figcaption class=\"wp-element-caption\">Die neue Bundesleitung (v.l) Markus Oliveira (Finanzen), Eric Doron (PR &amp; Chronik), Katharina Lang (BfM), Gernot Lenkner (Ehrengericht), Niels Gro\u00df (Gesch\u00e4ftsf\u00fchrung)<\/figcaption><\/figure>\n","protected":false},"excerpt":{"rendered":"<p>&#8222;Am siebten Tag sollst Du ruhen&#8220; galt letzten Sonntag nicht f\u00fcr die Delegierten und vielen weiteren Mitgliedern des DPB\/H gegr. 1911&nbsp; Nach zwei Jahren trafen wir uns alle an der Hohen Eiche in Degerloch, um gemeinsam unser Bundesthing abzuhalten.&nbsp;&nbsp; Alle zwei Jahre wird die \u201calte\u201d Bundesleitung von den Mitgliedern entlastet und eine neue Bundesleitung wird &hellip; <a href=\"https:\/\/dpbh11.de\/wp\/?p=1075\" class=\"more-link\"><span class=\"screen-reader-text\">Bundesthing 2024<\/span> weiterlesen <span class=\"meta-nav\">&rarr;<\/span><\/a><\/p>\n","protected":false},"author":1,"featured_media":0,"comment_status":"closed","ping_status":"open","sticky":false,"template":"","format":"standard","meta":{"footnotes":""},"categories":[5,1],"tags":[8,9,11],"class_list":["post-1075","post","type-post","status-publish","format-standard","hentry","category-aktuelles","category-allgemein","tag-bundesthing","tag-hohe-eiche","tag-pfadfinder"],"_links":{"self":[{"href":"https:\/\/dpbh11.de\/wp\/index.php?rest_route=\/wp\/v2\/posts\/1075","targetHints":{"allow":["GET"]}}],"collection":[{"href":"https:\/\/dpbh11.de\/wp\/index.php?rest_route=\/wp\/v2\/posts"}],"about":[{"href":"https:\/\/dpbh11.de\/wp\/index.php?rest_route=\/wp\/v2\/types\/post"}],"author":[{"embeddable":true,"href":"https:\/\/dpbh11.de\/wp\/index.php?rest_route=\/wp\/v2\/users\/1"}],"replies":[{"embeddable":true,"href":"https:\/\/dpbh11.de\/wp\/index.php?rest_route=%2Fwp%2Fv2%2Fcomments&post=1075"}],"version-history":[{"count":3,"href":"https:\/\/dpbh11.de\/wp\/index.php?rest_route=\/wp\/v2\/posts\/1075\/revisions"}],"predecessor-version":[{"id":1081,"href":"https:\/\/dpbh11.de\/wp\/index.php?rest_route=\/wp\/v2\/posts\/1075\/revisions\/1081"}],"wp:attachment":[{"href":"https:\/\/dpbh11.de\/wp\/index.php?rest_route=%2Fwp%2Fv2%2Fmedia&parent=1075"}],"wp:term":[{"taxonomy":"category","embeddable":true,"href":"https:\/\/dpbh11.de\/wp\/index.php?rest_route=%2Fwp%2Fv2%2Fcategories&post=1075"},{"taxonomy":"post_tag","embeddable":true,"href":"https:\/\/dpbh11.de\/wp\/index.php?rest_route=%2Fwp%2Fv2%2Ftags&post=1075"}],"curies":[{"name":"wp","href":"https:\/\/api.w.org\/{rel}","templated":true}]}}